{"id":6051,"date":"2025-09-17T19:11:41","date_gmt":"2025-09-17T17:11:41","guid":{"rendered":"https:\/\/sp2czaniec.edu.pl\/?p=6051"},"modified":"2025-09-17T19:11:41","modified_gmt":"2025-09-17T17:11:41","slug":"wspieramy-lokalne-inicjatywy","status":"publish","type":"post","link":"https:\/\/sp2czaniec.edu.pl\/?p=6051","title":{"rendered":"Wspieramy lokalne inicjatywy"},"content":{"rendered":"<div class=\"html-div xdj266r x14z9mp xat24cr x1lziwak xexx8yu xyri2b x18d9i69 x1c1uobl\" dir=\"auto\">\n<div class=\"html-div xdj266r x14z9mp xat24cr x1lziwak xexx8yu xyri2b x18d9i69 x1c1uobl\" data-ad-rendering-role=\"story_message\">\n<div id=\"_r_op_\" class=\"x1l90r2v x1iorvi4 x1g0dm76 xpdmqnj\" data-ad-comet-preview=\"message\" data-ad-preview=\"message\">\n<div class=\"x78zum5 xdt5ytf xz62fqu x16ldp7u\">\n<div class=\"xu06os2 x1ok221b\">\n<div class=\"html-div xdj266r x14z9mp xat24cr x1lziwak xexx8yu xyri2b x18d9i69 x1c1uobl\">\n<div class=\"xdj266r x14z9mp xat24cr x1lziwak x1vvkbs x126k92a\">\n<div dir=\"auto\" style=\"text-align: center;\">Wspieramy lokalne inicjatywy <span class=\"html-span xexx8yu xyri2b x18d9i69 x1c1uobl x1hl2dhg x16tdsg8 x1vvkbs x3nfvp2 x1j61x8r x1fcty0u xdj266r xat24cr xm2jcoa x1mpyi22 xxymvpz xlup9mm x1kky2od\"><img decoding=\"async\" class=\"xz74otr x15mokao x1ga7v0g x16uus16 xbiv7yw\" src=\"https:\/\/static.xx.fbcdn.net\/images\/emoji.php\/v9\/tfc\/1\/16\/1f44d.png\" alt=\"\ud83d\udc4d\" width=\"16\" height=\"16\"><\/span> Zapraszamy!!!<\/div>\n<div dir=\"auto\">&nbsp;<\/div>\n<div dir=\"auto\"><img fetchpriority=\"high\" decoding=\"async\" class=\"size-medium wp-image-6052 alignleft\" src=\"http:\/\/sp2czaniec.edu.pl\/wp-content\/uploads\/2025\/09\/549064960_1436063371856754_1706580554111071444_n-212x300.jpg\" alt=\"\" width=\"212\" height=\"300\" srcset=\"https:\/\/sp2czaniec.edu.pl\/wp-content\/uploads\/2025\/09\/549064960_1436063371856754_1706580554111071444_n-212x300.jpg 212w, https:\/\/sp2czaniec.edu.pl\/wp-content\/uploads\/2025\/09\/549064960_1436063371856754_1706580554111071444_n-724x1024.jpg 724w, https:\/\/sp2czaniec.edu.pl\/wp-content\/uploads\/2025\/09\/549064960_1436063371856754_1706580554111071444_n-768x1086.jpg 768w, https:\/\/sp2czaniec.edu.pl\/wp-content\/uploads\/2025\/09\/549064960_1436063371856754_1706580554111071444_n-1086x1536.jpg 1086w, https:\/\/sp2czaniec.edu.pl\/wp-content\/uploads\/2025\/09\/549064960_1436063371856754_1706580554111071444_n.jpg 1448w\" sizes=\"(max-width: 212px) 100vw, 212px\" \/><\/div>\n<div dir=\"auto\">&nbsp;<\/div>\n<\/div>\n<div class=\"x14z9mp xat24cr x1lziwak x1vvkbs xtlvy1s x126k92a\">\n<div dir=\"auto\">W III weekend wrze\u015bnia w ponad 20 miejscach w Polsce spo\u0142eczno\u015b\u0107 Kluby Gier Planszowych ( <span class=\"html-span xdj266r x14z9mp xat24cr x1lziwak xexx8yu xyri2b x18d9i69 x1c1uobl x1hl2dhg x16tdsg8 x1vvkbs\"><a class=\"x1i10hfl xjbqb8w x1ejq31n x18oe1m7 x1sy0etr xstzfhl x972fbf x10w94by x1qhh985 x14e42zd x9f619 x1ypdohk xt0psk2 x3ct3a4 xdj266r x14z9mp xat24cr x1lziwak xexx8yu xyri2b x18d9i69 x1c1uobl x16tdsg8 x1hl2dhg xggy1nq x1a2a7pz xkrqix3 x1sur9pj x1fey0fg x1s688f\" tabindex=\"0\" role=\"link\" href=\"http:\/\/www.klubygierplanszowych.pl\/?fbclid=IwZXh0bgNhZW0CMTAAYnJpZBEwcU81VHJkUXJSaUtvakNBSAEewu_500d2LalnviDTfF-uredJAQvFtQcheWcqk9uafD14-TRhFSrVY0-xbqU_aem_GsBTurBe3YWAndRb0Vh3Ww\" target=\"_blank\" rel=\"nofollow noopener noreferrer\">http:\/\/www.klubygierplanszowych.pl<\/a><\/span> ) organizuje dla Was wydarzenia pod wsp\u00f3lnym logo Spotkajmy si\u0119, pograjmy!<\/div>\n<\/div>\n<div class=\"x14z9mp xat24cr x1lziwak x1vvkbs xtlvy1s x126k92a\">\n<div dir=\"auto\">W Kobiernicach zaprasza na nie Klub Gier Planszowych ,,Zgrana Paczka\u201d oraz Gmina Por\u0105bka. Wydarzenie to odb\u0119dzie si\u0119 w Domu Kultury w Kobiernicach, zaczynamy od 14:00 i b\u0119dziemy dla Was do 20:00.<\/div>\n<\/div>\n<div class=\"x14z9mp xat24cr x1lziwak x1vvkbs xtlvy1s x126k92a\">\n<div dir=\"auto\">&nbsp;<\/div>\n<div dir=\"auto\">Czym jest akcja \u201cSpotkajmy si\u0119, pograjmy!\u201d?<\/div>\n<div dir=\"auto\">Spotkajmy si\u0119, pograjmy! jest inicjatyw\u0105, z kt\u00f3r\u0105 chcemy wychodzi\u0107 w nasze \u015brodowiska lokalne, promuj\u0105c gry planszowe jako dobro kultury dost\u0119pne dla ka\u017cdego, a jednocze\u015bnie pokazuj\u0105c jak \u015bwietnym s\u0105 one narz\u0119dziem do budowania relacji mi\u0119dzyludzkich &#8211; rodzinnych, s\u0105siedzkich, mi\u0119dzypokoleniowych.<\/div>\n<\/div>\n<div class=\"x14z9mp xat24cr x1lziwak x1vvkbs xtlvy1s x126k92a\">\n<div dir=\"auto\">&nbsp;<\/div>\n<div dir=\"auto\">W roku 2025 w projekt zaanga\u017cowa\u0142o si\u0119 ponad 20 Klub\u00f3w Gier Planszowych. Na mapie ( <span class=\"html-span xdj266r x14z9mp xat24cr x1lziwak xexx8yu xyri2b x18d9i69 x1c1uobl x1hl2dhg x16tdsg8 x1vvkbs\"><a class=\"x1i10hfl xjbqb8w x1ejq31n x18oe1m7 x1sy0etr xstzfhl x972fbf x10w94by x1qhh985 x14e42zd x9f619 x1ypdohk xt0psk2 x3ct3a4 xdj266r x14z9mp xat24cr x1lziwak xexx8yu xyri2b x18d9i69 x1c1uobl x16tdsg8 x1hl2dhg xggy1nq x1a2a7pz xkrqix3 x1sur9pj x1fey0fg x1s688f\" tabindex=\"0\" role=\"link\" href=\"https:\/\/l.facebook.com\/l.php?u=https%3A%2F%2Ftiny.pl%2F34c6sk87%3Ffbclid%3DIwZXh0bgNhZW0CMTAAYnJpZBEwcU81VHJkUXJSaUtvakNBSAEeXsJu6i4M3rieC7POCezWX2cebLGsgg_4gValMo7-njWDBjRhYJH1gUNdaHY_aem_lSZ68987bZa1cBrBT3YFlA&amp;h=AT1fqCjgwvcm_Z7-olENNmXvKOufrr_KvI8Gs3jZIBKvp2gz06N81RYTE7vj9d-5qCAUmouDD3pe3JTHgLg_zN-DO9xtgINcuWn-NA_qa9GiHGIbpl3t0TYO75huxXfX6xc1rhM74GvKZmv0jXzMFylb3000Xdye&amp;__tn__=-UK-R&amp;c[0]=AT0c4CwBvWSHfm-HfH9bDT28OKSDKUr6OpH_ZvIiGlmmjzpxs4HpHl3_YcBJqY63CdJ861bVurGyfq9XSgONeJn1tLZmWp51FvuMNpYDvUGQVPxGbJnd-I6OXLju9tzDiQhMrfKaKrNvPkWYwR5vanyepcsjnqLh7VPeg-Anaid6z23W-XjDezc_QLODxkjjycbdyE0Va-iRU3Yg41Ot7e3eYQ\" target=\"_blank\" rel=\"nofollow noopener noreferrer\">https:\/\/tiny.pl\/34c6sk87<\/a><\/span> ) prezentujemy miejsca, gdzie w III weekend wrze\u015bnia 2025 r. b\u0119dziecie mogli wzi\u0105\u0107 udzia\u0142 w wydarzeniu pod znakiem Spotkajmy si\u0119, pograjmy! Oczywi\u015bcie &#8211; bezp\u0142atnie.<\/div>\n<\/div>\n<div class=\"x14z9mp xat24cr x1lziwak x1vvkbs xtlvy1s x126k92a\">\n<div dir=\"auto\">&nbsp;<\/div>\n<div dir=\"auto\">W organizacji wydarze\u0144 wspiera nas cz\u0119\u015b\u0107 polskich wydawc\u00f3w gier planszowych &#8211; dzi\u0119ki temu b\u0119dziemy mogli wzbogaci\u0107 nasze wydarzenia w drobne atrakcje &#8211; turnieje i wyzwania growe.<\/div>\n<\/div>\n<div class=\"x14z9mp xat24cr x1lziwak x1vvkbs xtlvy1s x126k92a\">\n<div dir=\"auto\">Nagrody na turnieje oraz wyzwania growe mamy od wydawc\u00f3w, Gminy Por\u0105bka oraz od klubu Zgrana Paczka.<\/div>\n<\/div>\n<div class=\"x14z9mp xat24cr x1lziwak x1vvkbs xtlvy1s x126k92a\">\n<div dir=\"auto\">Spotkajmy si\u0119, pograjmy! jest akcj\u0105 bli\u017aniacz\u0105 dla niemiecko-austriacko-szwajcarskiej inicjatywy Stadt Land Spielt!, realizowanej dla osi\u0105gni\u0119cia podobnych cel\u00f3w i w podobny spos\u00f3b. W ten spos\u00f3b w\u0142\u0105czamy te\u017c nasz\u0105 polsk\u0105 ods\u0142on\u0119 plansz\u00f3wkowego hobby w szersz\u0105, miedzynarodow\u0105 perspektyw\u0119. W tym roku po raz pierwszy projekt realizowany jest tak\u017ce w Belgii i Danii.<\/div>\n<\/div>\n<div class=\"x14z9mp xat24cr x1lziwak x1vvkbs xtlvy1s x126k92a\">\n<div dir=\"auto\">Przyjd\u017acie dla ludzi i dla plansz\u00f3wek!<\/div>\n<\/div>\n<div class=\"x14z9mp xat24cr x1lziwak x1vvkbs xtlvy1s x126k92a\">\n<div dir=\"auto\">&nbsp;<\/div>\n<div dir=\"auto\">Co si\u0119 b\u0119dzie dzia\u0142o w Kobiernicach?<\/div>\n<\/div>\n<div class=\"x14z9mp xat24cr x1lziwak x1vvkbs xtlvy1s x126k92a\">\n<div dir=\"auto\">Organizatorzy wydarzenia w Domu Kultury w Kobiernicach zaplanowali go na niedziel\u0119 21 wrzesie\u0144 w godzinach 14:00 \u2013 20:00. W tym czasie b\u0119dziecie mogli pozna\u0107 ludzi, kt\u00f3rzy z pasj\u0105 opowiedz\u0105 Wam o grach planszowych, zaproponuj\u0105 gry, w kt\u00f3re b\u0119dziecie mogli zagra\u0107 na miejscu, z ch\u0119ci\u0105 wyt\u0142umacz\u0105 zasady. Na miejscu b\u0119dzie mogli si\u0119 dowiedzie\u0107 jak dzia\u0142a klub oraz jakie tytu\u0142y posiada w swojej kolekcji.<\/div>\n<\/div>\n<div class=\"x14z9mp xat24cr x1lziwak x1vvkbs xtlvy1s x126k92a\">\n<div dir=\"auto\">Podczas wydarzenia odb\u0119d\u0105 si\u0119 2 turnieje z nagrodami, zasady gier wyt\u0142umaczymy przed turniejami.<\/div>\n<\/div>\n<div class=\"x14z9mp xat24cr x1lziwak x1vvkbs xtlvy1s x126k92a\">\n<div dir=\"auto\">Kolejn\u0105 atrakcj\u0105 w czasie trwania tej edycji Spotkajmy si\u0119, pograjmy! b\u0119dzie wyzwanie growe z nagrodami ufundowanymi przez wspieraj\u0105ce inicjatyw\u0119 wydawnictwa, Gmin\u0119 i organizatora.<\/div>\n<\/div>\n<div class=\"x14z9mp xat24cr x1lziwak x1vvkbs xtlvy1s x126k92a\">\n<div dir=\"auto\">&nbsp;<\/div>\n<div dir=\"auto\">Wi\u0119cej szczeg\u00f3\u0142\u00f3w b\u0119dziecie mogli znale\u017a\u0107 na stronie wydarzenia na Facebook\u2019u.<\/div>\n<\/div>\n<div class=\"x14z9mp xat24cr x1lziwak x1vvkbs xtlvy1s x126k92a\">\n<div dir=\"auto\">&nbsp;<\/div>\n<div dir=\"auto\">&nbsp;<\/div>\n<div dir=\"auto\">O klubie:<\/div>\n<div dir=\"auto\">W Kobiernicach od 6 lat organizowane s\u0105 spotkania z grami planszowymi.<\/div>\n<div dir=\"auto\">W ci\u0105gu tych kilku lat swojej dzia\u0142alno\u015bci nasz klub z nies\u0142abn\u0105cym zapa\u0142em wci\u0105ga\u0142 do \u015bwiata gier planszowych mieszka\u0144c\u00f3w gminy dzi\u0119ki wsp\u00f3\u0142pracy z Gmin\u0105 Por\u0105bka oraz pomocy naszych sta\u0142ych graczy.<\/div>\n<div dir=\"auto\">Owocami wsp\u00f3lnych dzia\u0142a\u0144 s\u0105 nie tylko cotygodniowe spotkania klubu, ale tak\u017ce inne wydarzenia, takie jak udzia\u0142 klubu od kilku lat przy festiwalu KozyNostra Rock Fest, Dni K\u00f3z, Dni Nauki w Bielskiej Szkole Przemys\u0142owej, wsp\u00f3\u0142praca z Ko\u0142o PTTK \u201eBeskidek\u201d w Por\u0105bce.<\/div>\n<div dir=\"auto\">Od samego pocz\u0105tku klub anga\u017cuje si\u0119 we wsp\u00f3\u0142prac\u0119 mi\u0119dzyklubow\u0105, wspieraj\u0105c swoimi talentami, wiedz\u0105 i do\u015bwiadczeniem, jednocze\u015bnie ucz\u0105c si\u0119 wielu rzeczy.<\/div>\n<div dir=\"auto\">Ten klub otwarty jest na ka\u017cdego ch\u0119tnego &#8211; wsi\u0105\u015b\u0107 na pok\u0142ad, wzlecie\u0107 i pozosta\u0107 z nami na w\u0142a\u015bciwym miejscu w galaktyce przygody z nowoczesnymi grami planszowym!<\/div>\n<\/div>\n<\/div>\n<\/div>\n<\/div>\n<\/div>\n<\/div>\n<\/div>\n","protected":false},"excerpt":{"rendered":"<p>Wspieramy lokalne inicjatywy Zapraszamy!!! &nbsp; &nbsp; W III weekend wrze\u015bnia w ponad 20 miejscach w Polsce spo\u0142eczno\u015b\u0107 Kluby Gier Planszowych ( http:\/\/www.klubygierplanszowych.pl ) organizuje dla Was wydarzenia pod wsp\u00f3lnym logo Spotkajmy si\u0119, pograjmy! W Kobiernicach zaprasza na nie Klub Gier Planszowych ,,Zgrana Paczka\u201d oraz Gmina Por\u0105bka. Wydarzenie to odb\u0119dzie si\u0119 [&hellip;]<\/p>\n","protected":false},"author":2,"featured_media":0,"comment_status":"open","ping_status":"open","sticky":false,"template":"","format":"standard","meta":{"ngg_post_thumbnail":0,"footnotes":""},"categories":[1],"tags":[],"class_list":["post-6051","post","type-post","status-publish","format-standard","hentry","category-bez-kategorii"],"_links":{"self":[{"href":"https:\/\/sp2czaniec.edu.pl\/index.php?rest_route=\/wp\/v2\/posts\/6051","targetHints":{"allow":["GET"]}}],"collection":[{"href":"https:\/\/sp2czaniec.edu.pl\/index.php?rest_route=\/wp\/v2\/posts"}],"about":[{"href":"https:\/\/sp2czaniec.edu.pl\/index.php?rest_route=\/wp\/v2\/types\/post"}],"author":[{"embeddable":true,"href":"https:\/\/sp2czaniec.edu.pl\/index.php?rest_route=\/wp\/v2\/users\/2"}],"replies":[{"embeddable":true,"href":"https:\/\/sp2czaniec.edu.pl\/index.php?rest_route=%2Fwp%2Fv2%2Fcomments&post=6051"}],"version-history":[{"count":1,"href":"https:\/\/sp2czaniec.edu.pl\/index.php?rest_route=\/wp\/v2\/posts\/6051\/revisions"}],"predecessor-version":[{"id":6053,"href":"https:\/\/sp2czaniec.edu.pl\/index.php?rest_route=\/wp\/v2\/posts\/6051\/revisions\/6053"}],"wp:attachment":[{"href":"https:\/\/sp2czaniec.edu.pl\/index.php?rest_route=%2Fwp%2Fv2%2Fmedia&parent=6051"}],"wp:term":[{"taxonomy":"category","embeddable":true,"href":"https:\/\/sp2czaniec.edu.pl\/index.php?rest_route=%2Fwp%2Fv2%2Fcategories&post=6051"},{"taxonomy":"post_tag","embeddable":true,"href":"https:\/\/sp2czaniec.edu.pl\/index.php?rest_route=%2Fwp%2Fv2%2Ftags&post=6051"}],"curies":[{"name":"wp","href":"https:\/\/api.w.org\/{rel}","templated":true}]}}