{"id":6054,"date":"2025-09-16T19:18:04","date_gmt":"2025-09-16T17:18:04","guid":{"rendered":"https:\/\/sp2czaniec.edu.pl\/?p=6054"},"modified":"2025-09-17T19:19:07","modified_gmt":"2025-09-17T17:19:07","slug":"wizyta-uczniow-klas-3-w-fundacji-akuku","status":"publish","type":"post","link":"https:\/\/sp2czaniec.edu.pl\/?p=6054","title":{"rendered":"Wizyta uczni\u00f3w klas 3 w Fundacji AKUKU"},"content":{"rendered":"<p style=\"text-align: center;\"><strong><span style=\"font-size: 14pt;\">Wizyta uczni\u00f3w w Fundacji AKUKU \u2013 edukacja, zabawa i kreatywno\u015b\u0107 \ud83d\udc3f<\/span><\/strong><\/p>\n<p>W pi\u0105tek, 12 wrze\u015bnia, uczniowie klas 3a i 3b mieli okazj\u0119 odwiedzi\u0107 wyj\u0105tkowe miejsce \u2013 Fundacj\u0119 Integracji i Kreatywno\u015bci AKUKU w Rudzie \u015al\u0105skiej. To by\u0142a niezwykle inspiruj\u0105ca wycieczka, pe\u0142na nauki, zabawy i tw\u00f3rczych dzia\u0142a\u0144.<\/p>\n<p>Podczas wizyty dzieci uczestniczy\u0142y w zaj\u0119ciach edukacyjnych po\u015bwi\u0119conych opiece nad zwierz\u0119tami, gdzie dowiedzia\u0142y si\u0119, jak odpowiedzialnie dba\u0107 o czworono\u017cnych przyjaci\u00f3\u0142\ud83d\udc10\ud83e\udecf\ud83d\udc07 Kolejnym punktem programu by\u0142y warsztaty florystyczne, na kt\u00f3rych uczniowie samodzielnie stworzyli pi\u0119kne, kolorowe kompozycje kwiatowe \ud83d\udc90Nie zabrak\u0142o r\u00f3wnie\u017c czasu na ruch i zabaw\u0119 \u2013 ogromn\u0105 frajd\u0119 sprawi\u0142a dzieciom zabawa na nietypowym placu zabaw, stworzonym z materia\u0142\u00f3w z recyklingu \u267b<\/p>\n<p>Bezp\u0142atne uczestnictwo naszych uczni\u00f3w w tej inicjatywie odby\u0142o si\u0119 w ramach zadania publicznego dotycz\u0105cego wsparcia gospodarstw edukacyjnych w wojew\u00f3dztwie \u015bl\u0105skim w roku 2025 og\u0142oszonego przez Zarz\u0105d Wojew\u00f3dztwa \u015al\u0105skiego Urz\u0119du Marsza\u0142kowskiego, kt\u00f3re wygra\u0142o Stowarzyszenie Gospodarstw Edukacyjnych Wojew\u00f3dztwa \u015al\u0105skiego.&nbsp;<\/p>\n<p>To by\u0142a nie tylko wspania\u0142a przygoda, ale tak\u017ce cenna lekcja empatii, ekologii i pracy tw\u00f3rczej.<\/p>\nngg_shortcode_0_placeholder\n","protected":false},"excerpt":{"rendered":"<p>Wizyta uczni\u00f3w w Fundacji AKUKU \u2013 edukacja, zabawa i kreatywno\u015b\u0107 \ud83d\udc3f W pi\u0105tek, 12 wrze\u015bnia, uczniowie klas 3a i 3b mieli okazj\u0119 odwiedzi\u0107 wyj\u0105tkowe miejsce \u2013 Fundacj\u0119 Integracji i Kreatywno\u015bci AKUKU w Rudzie \u015al\u0105skiej. To by\u0142a niezwykle inspiruj\u0105ca wycieczka, pe\u0142na nauki, zabawy i tw\u00f3rczych dzia\u0142a\u0144. Podczas wizyty dzieci uczestniczy\u0142y w [&hellip;]<\/p>\n","protected":false},"author":2,"featured_media":0,"comment_status":"open","ping_status":"open","sticky":false,"template":"","format":"standard","meta":{"ngg_post_thumbnail":0,"footnotes":""},"categories":[1],"tags":[],"class_list":["post-6054","post","type-post","status-publish","format-standard","hentry","category-bez-kategorii"],"_links":{"self":[{"href":"https:\/\/sp2czaniec.edu.pl\/index.php?rest_route=\/wp\/v2\/posts\/6054","targetHints":{"allow":["GET"]}}],"collection":[{"href":"https:\/\/sp2czaniec.edu.pl\/index.php?rest_route=\/wp\/v2\/posts"}],"about":[{"href":"https:\/\/sp2czaniec.edu.pl\/index.php?rest_route=\/wp\/v2\/types\/post"}],"author":[{"embeddable":true,"href":"https:\/\/sp2czaniec.edu.pl\/index.php?rest_route=\/wp\/v2\/users\/2"}],"replies":[{"embeddable":true,"href":"https:\/\/sp2czaniec.edu.pl\/index.php?rest_route=%2Fwp%2Fv2%2Fcomments&post=6054"}],"version-history":[{"count":1,"href":"https:\/\/sp2czaniec.edu.pl\/index.php?rest_route=\/wp\/v2\/posts\/6054\/revisions"}],"predecessor-version":[{"id":6089,"href":"https:\/\/sp2czaniec.edu.pl\/index.php?rest_route=\/wp\/v2\/posts\/6054\/revisions\/6089"}],"wp:attachment":[{"href":"https:\/\/sp2czaniec.edu.pl\/index.php?rest_route=%2Fwp%2Fv2%2Fmedia&parent=6054"}],"wp:term":[{"taxonomy":"category","embeddable":true,"href":"https:\/\/sp2czaniec.edu.pl\/index.php?rest_route=%2Fwp%2Fv2%2Fcategories&post=6054"},{"taxonomy":"post_tag","embeddable":true,"href":"https:\/\/sp2czaniec.edu.pl\/index.php?rest_route=%2Fwp%2Fv2%2Ftags&post=6054"}],"curies":[{"name":"wp","href":"https:\/\/api.w.org\/{rel}","templated":true}]}}