{"id":6121,"date":"2025-09-22T20:49:42","date_gmt":"2025-09-22T18:49:42","guid":{"rendered":"https:\/\/sp2czaniec.edu.pl\/?p=6121"},"modified":"2025-09-22T20:49:42","modified_gmt":"2025-09-22T18:49:42","slug":"gminne-gminne-biegi-przelajowe","status":"publish","type":"post","link":"https:\/\/sp2czaniec.edu.pl\/?p=6121","title":{"rendered":"Gminne gminne biegi prze\u0142ajowe"},"content":{"rendered":"<p>Dzisiaj 22.09.<\/p>\n<p>Ch\u0142opcy w sk\u0142adzie<\/p>\n<p>Szymon Kowalski&nbsp;<\/p>\n<p>Bartosz Kizner<\/p>\n<p>Karol Lachendro<\/p>\n<p>Karol Chrapkiewicz&nbsp;<\/p>\n<p>Antoni Sporek<\/p>\n<p>Bart\u0142omiej Nalborczyk<\/p>\n<p>Maks Kad\u0142ubicki<\/p>\n<p>Antoni Fro\u0144<\/p>\n<p>zaj\u0119li IV miejsce w gminnych sztafetowych biegach prze\u0142ajowych.<\/p>\n<ol>\n<li>ngg_shortcode_0_placeholder<\/li>\n<\/ol>\n","protected":false},"excerpt":{"rendered":"<p>Dzisiaj 22.09. Ch\u0142opcy w sk\u0142adzie Szymon Kowalski&nbsp; Bartosz Kizner Karol Lachendro Karol Chrapkiewicz&nbsp; Antoni Sporek Bart\u0142omiej Nalborczyk Maks Kad\u0142ubicki Antoni Fro\u0144 zaj\u0119li IV miejsce w gminnych sztafetowych biegach prze\u0142ajowych.<\/p>\n","protected":false},"author":2,"featured_media":0,"comment_status":"open","ping_status":"open","sticky":false,"template":"","format":"standard","meta":{"ngg_post_thumbnail":0,"footnotes":""},"categories":[1],"tags":[],"class_list":["post-6121","post","type-post","status-publish","format-standard","hentry","category-bez-kategorii"],"_links":{"self":[{"href":"https:\/\/sp2czaniec.edu.pl\/index.php?rest_route=\/wp\/v2\/posts\/6121","targetHints":{"allow":["GET"]}}],"collection":[{"href":"https:\/\/sp2czaniec.edu.pl\/index.php?rest_route=\/wp\/v2\/posts"}],"about":[{"href":"https:\/\/sp2czaniec.edu.pl\/index.php?rest_route=\/wp\/v2\/types\/post"}],"author":[{"embeddable":true,"href":"https:\/\/sp2czaniec.edu.pl\/index.php?rest_route=\/wp\/v2\/users\/2"}],"replies":[{"embeddable":true,"href":"https:\/\/sp2czaniec.edu.pl\/index.php?rest_route=%2Fwp%2Fv2%2Fcomments&post=6121"}],"version-history":[{"count":1,"href":"https:\/\/sp2czaniec.edu.pl\/index.php?rest_route=\/wp\/v2\/posts\/6121\/revisions"}],"predecessor-version":[{"id":6146,"href":"https:\/\/sp2czaniec.edu.pl\/index.php?rest_route=\/wp\/v2\/posts\/6121\/revisions\/6146"}],"wp:attachment":[{"href":"https:\/\/sp2czaniec.edu.pl\/index.php?rest_route=%2Fwp%2Fv2%2Fmedia&parent=6121"}],"wp:term":[{"taxonomy":"category","embeddable":true,"href":"https:\/\/sp2czaniec.edu.pl\/index.php?rest_route=%2Fwp%2Fv2%2Fcategories&post=6121"},{"taxonomy":"post_tag","embeddable":true,"href":"https:\/\/sp2czaniec.edu.pl\/index.php?rest_route=%2Fwp%2Fv2%2Ftags&post=6121"}],"curies":[{"name":"wp","href":"https:\/\/api.w.org\/{rel}","templated":true}]}}