{"id":6148,"date":"2025-09-30T19:44:26","date_gmt":"2025-09-30T17:44:26","guid":{"rendered":"https:\/\/sp2czaniec.edu.pl\/?p=6148"},"modified":"2025-09-30T19:44:26","modified_gmt":"2025-09-30T17:44:26","slug":"dzien-jablka","status":"publish","type":"post","link":"https:\/\/sp2czaniec.edu.pl\/?p=6148","title":{"rendered":"Dzie\u0144 Jab\u0142ka"},"content":{"rendered":"<p>W ramach akcji &#8222;Zdrowi i bezpieczni&#8221; obchodzili\u015bmy w naszej szkole \u015awiatowy Dzie\u0144 Jab\u0142ka.\ud83c\udf4e\ud83c\udf4f Z tej okazji klasy drugie samodzielnie przygotowa\u0142y kompoty z jab\u0142ek, a podczas przerw mo\u017cna by\u0142o posmakowa\u0107 jab\u0142kowych wypiek\u00f3w. Ka\u017cdy mia\u0142 okazj\u0119 zapozna\u0107 si\u0119 z korzy\u015bciami p\u0142yn\u0105cymi z jedzenia jab\u0142ek oraz przypomnie\u0107 sobie zasady zdrowego od\u017cywiania.\ud83d\ude0a<\/p>\nngg_shortcode_0_placeholder\n","protected":false},"excerpt":{"rendered":"<p>W ramach akcji &#8222;Zdrowi i bezpieczni&#8221; obchodzili\u015bmy w naszej szkole \u015awiatowy Dzie\u0144 Jab\u0142ka.\ud83c\udf4e\ud83c\udf4f Z tej okazji klasy drugie samodzielnie przygotowa\u0142y kompoty z jab\u0142ek, a podczas przerw mo\u017cna by\u0142o posmakowa\u0107 jab\u0142kowych wypiek\u00f3w. Ka\u017cdy mia\u0142 okazj\u0119 zapozna\u0107 si\u0119 z korzy\u015bciami p\u0142yn\u0105cymi z jedzenia jab\u0142ek oraz przypomnie\u0107 sobie zasady zdrowego od\u017cywiania.\ud83d\ude0a<\/p>\n","protected":false},"author":2,"featured_media":0,"comment_status":"open","ping_status":"open","sticky":false,"template":"","format":"standard","meta":{"ngg_post_thumbnail":0,"footnotes":""},"categories":[1],"tags":[],"class_list":["post-6148","post","type-post","status-publish","format-standard","hentry","category-bez-kategorii"],"_links":{"self":[{"href":"https:\/\/sp2czaniec.edu.pl\/index.php?rest_route=\/wp\/v2\/posts\/6148","targetHints":{"allow":["GET"]}}],"collection":[{"href":"https:\/\/sp2czaniec.edu.pl\/index.php?rest_route=\/wp\/v2\/posts"}],"about":[{"href":"https:\/\/sp2czaniec.edu.pl\/index.php?rest_route=\/wp\/v2\/types\/post"}],"author":[{"embeddable":true,"href":"https:\/\/sp2czaniec.edu.pl\/index.php?rest_route=\/wp\/v2\/users\/2"}],"replies":[{"embeddable":true,"href":"https:\/\/sp2czaniec.edu.pl\/index.php?rest_route=%2Fwp%2Fv2%2Fcomments&post=6148"}],"version-history":[{"count":1,"href":"https:\/\/sp2czaniec.edu.pl\/index.php?rest_route=\/wp\/v2\/posts\/6148\/revisions"}],"predecessor-version":[{"id":6159,"href":"https:\/\/sp2czaniec.edu.pl\/index.php?rest_route=\/wp\/v2\/posts\/6148\/revisions\/6159"}],"wp:attachment":[{"href":"https:\/\/sp2czaniec.edu.pl\/index.php?rest_route=%2Fwp%2Fv2%2Fmedia&parent=6148"}],"wp:term":[{"taxonomy":"category","embeddable":true,"href":"https:\/\/sp2czaniec.edu.pl\/index.php?rest_route=%2Fwp%2Fv2%2Fcategories&post=6148"},{"taxonomy":"post_tag","embeddable":true,"href":"https:\/\/sp2czaniec.edu.pl\/index.php?rest_route=%2Fwp%2Fv2%2Ftags&post=6148"}],"curies":[{"name":"wp","href":"https:\/\/api.w.org\/{rel}","templated":true}]}}