{"id":6170,"date":"2025-10-15T14:02:32","date_gmt":"2025-10-15T12:02:32","guid":{"rendered":"https:\/\/sp2czaniec.edu.pl\/?p=6170"},"modified":"2025-10-17T14:05:28","modified_gmt":"2025-10-17T12:05:28","slug":"gminne-zawody-pilki-noznej","status":"publish","type":"post","link":"https:\/\/sp2czaniec.edu.pl\/?p=6170","title":{"rendered":"Gminne Zawody Pi\u0142ki No\u017cnej"},"content":{"rendered":"<p>Dzisiaj 15.10 ch\u0142opcy z naszej szko\u0142y na gminnych zawodach pi\u0142ki no\u017cnej zaj\u0119li 3m. grupa m\u0142odsza, 2m. grupa starszych.&nbsp;<\/p>\n<p>Sk\u0142ad dru\u017cyny:<\/p>\n<p>Micha\u0142 Chmielniak<\/p>\n<p>Wojtek Gwizda\u0142a<\/p>\n<p>Filip Maga<\/p>\n<p>Oskar Michalik<\/p>\n<p>Filip Szymalski<\/p>\n<p>Piotr Tynka<\/p>\n<p>Jan W\u0119grzynek<\/p>\n<p>Pawe\u0142 W\u0119grzynek&nbsp;<\/p>\n<p>Karol Chrapkiewicz<\/p>\n<p>Szymon Kowalski&nbsp;<\/p>\n<p>Karol Lachendro<\/p>\n<p>&nbsp;<\/p>\n<p>Duraj Filip<\/p>\n<p>Kowalski Patryk<\/p>\n<p>Jan Otoli\u0144ski<\/p>\n<p>Dominik Dziedzic&nbsp;<\/p>\n<p>Mi\u0142osz Ko\u0142odziejczyk&nbsp;<\/p>\n<p>Pawe\u0142 Konior<\/p>\n<p>Igor Ku\u015bmierczyk&nbsp;<\/p>\n<p>Kacper Kutek<\/p>\n<p>Kacper Sordyl<\/p>\n<p>&nbsp;<\/p>\n<p><img fetchpriority=\"high\" decoding=\"async\" class=\"alignnone size-medium wp-image-6177\" src=\"http:\/\/sp2czaniec.edu.pl\/wp-content\/uploads\/2025\/10\/IMG-20251015-WA0007-225x300.jpg\" alt=\"\" width=\"225\" height=\"300\" srcset=\"https:\/\/sp2czaniec.edu.pl\/wp-content\/uploads\/2025\/10\/IMG-20251015-WA0007-225x300.jpg 225w, https:\/\/sp2czaniec.edu.pl\/wp-content\/uploads\/2025\/10\/IMG-20251015-WA0007-768x1024.jpg 768w, https:\/\/sp2czaniec.edu.pl\/wp-content\/uploads\/2025\/10\/IMG-20251015-WA0007-1152x1536.jpg 1152w, https:\/\/sp2czaniec.edu.pl\/wp-content\/uploads\/2025\/10\/IMG-20251015-WA0007.jpg 1530w\" sizes=\"(max-width: 225px) 100vw, 225px\" \/> <img decoding=\"async\" class=\"alignnone size-medium wp-image-6176\" src=\"http:\/\/sp2czaniec.edu.pl\/wp-content\/uploads\/2025\/10\/IMG-20251015-WA0008-225x300.jpg\" alt=\"\" width=\"225\" height=\"300\" srcset=\"https:\/\/sp2czaniec.edu.pl\/wp-content\/uploads\/2025\/10\/IMG-20251015-WA0008-225x300.jpg 225w, https:\/\/sp2czaniec.edu.pl\/wp-content\/uploads\/2025\/10\/IMG-20251015-WA0008-768x1024.jpg 768w, https:\/\/sp2czaniec.edu.pl\/wp-content\/uploads\/2025\/10\/IMG-20251015-WA0008-1152x1536.jpg 1152w, https:\/\/sp2czaniec.edu.pl\/wp-content\/uploads\/2025\/10\/IMG-20251015-WA0008.jpg 1530w\" sizes=\"(max-width: 225px) 100vw, 225px\" \/> <img decoding=\"async\" class=\"alignnone size-medium wp-image-6175\" src=\"http:\/\/sp2czaniec.edu.pl\/wp-content\/uploads\/2025\/10\/IMG-20251015-WA0009-225x300.jpg\" alt=\"\" width=\"225\" height=\"300\" srcset=\"https:\/\/sp2czaniec.edu.pl\/wp-content\/uploads\/2025\/10\/IMG-20251015-WA0009-225x300.jpg 225w, https:\/\/sp2czaniec.edu.pl\/wp-content\/uploads\/2025\/10\/IMG-20251015-WA0009-768x1024.jpg 768w, https:\/\/sp2czaniec.edu.pl\/wp-content\/uploads\/2025\/10\/IMG-20251015-WA0009-1152x1536.jpg 1152w, https:\/\/sp2czaniec.edu.pl\/wp-content\/uploads\/2025\/10\/IMG-20251015-WA0009.jpg 1530w\" sizes=\"(max-width: 225px) 100vw, 225px\" \/> <img loading=\"lazy\" decoding=\"async\" class=\"alignnone size-medium wp-image-6174\" src=\"http:\/\/sp2czaniec.edu.pl\/wp-content\/uploads\/2025\/10\/IMG-20251015-WA0010-300x225.jpg\" alt=\"\" width=\"300\" height=\"225\" srcset=\"https:\/\/sp2czaniec.edu.pl\/wp-content\/uploads\/2025\/10\/IMG-20251015-WA0010-300x225.jpg 300w, https:\/\/sp2czaniec.edu.pl\/wp-content\/uploads\/2025\/10\/IMG-20251015-WA0010-1024x768.jpg 1024w, https:\/\/sp2czaniec.edu.pl\/wp-content\/uploads\/2025\/10\/IMG-20251015-WA0010-768x576.jpg 768w, https:\/\/sp2czaniec.edu.pl\/wp-content\/uploads\/2025\/10\/IMG-20251015-WA0010-1536x1152.jpg 1536w, https:\/\/sp2czaniec.edu.pl\/wp-content\/uploads\/2025\/10\/IMG-20251015-WA0010.jpg 2040w\" sizes=\"(max-width: 300px) 100vw, 300px\" \/> <img loading=\"lazy\" decoding=\"async\" class=\"alignnone size-medium wp-image-6173\" src=\"http:\/\/sp2czaniec.edu.pl\/wp-content\/uploads\/2025\/10\/IMG-20251015-WA0012-225x300.jpg\" alt=\"\" width=\"225\" height=\"300\" srcset=\"https:\/\/sp2czaniec.edu.pl\/wp-content\/uploads\/2025\/10\/IMG-20251015-WA0012-225x300.jpg 225w, https:\/\/sp2czaniec.edu.pl\/wp-content\/uploads\/2025\/10\/IMG-20251015-WA0012-768x1024.jpg 768w, https:\/\/sp2czaniec.edu.pl\/wp-content\/uploads\/2025\/10\/IMG-20251015-WA0012-1152x1536.jpg 1152w, https:\/\/sp2czaniec.edu.pl\/wp-content\/uploads\/2025\/10\/IMG-20251015-WA0012.jpg 1530w\" sizes=\"(max-width: 225px) 100vw, 225px\" \/> <img loading=\"lazy\" decoding=\"async\" class=\"alignnone size-medium wp-image-6172\" src=\"http:\/\/sp2czaniec.edu.pl\/wp-content\/uploads\/2025\/10\/IMG-20251015-WA0014-225x300.jpg\" alt=\"\" width=\"225\" height=\"300\" srcset=\"https:\/\/sp2czaniec.edu.pl\/wp-content\/uploads\/2025\/10\/IMG-20251015-WA0014-225x300.jpg 225w, https:\/\/sp2czaniec.edu.pl\/wp-content\/uploads\/2025\/10\/IMG-20251015-WA0014-768x1024.jpg 768w, https:\/\/sp2czaniec.edu.pl\/wp-content\/uploads\/2025\/10\/IMG-20251015-WA0014-1152x1536.jpg 1152w, https:\/\/sp2czaniec.edu.pl\/wp-content\/uploads\/2025\/10\/IMG-20251015-WA0014.jpg 1530w\" sizes=\"(max-width: 225px) 100vw, 225px\" \/> <img loading=\"lazy\" decoding=\"async\" class=\"alignnone size-medium wp-image-6171\" src=\"http:\/\/sp2czaniec.edu.pl\/wp-content\/uploads\/2025\/10\/IMG-20251015-WA0013-225x300.jpg\" alt=\"\" width=\"225\" height=\"300\" srcset=\"https:\/\/sp2czaniec.edu.pl\/wp-content\/uploads\/2025\/10\/IMG-20251015-WA0013-225x300.jpg 225w, https:\/\/sp2czaniec.edu.pl\/wp-content\/uploads\/2025\/10\/IMG-20251015-WA0013-768x1024.jpg 768w, https:\/\/sp2czaniec.edu.pl\/wp-content\/uploads\/2025\/10\/IMG-20251015-WA0013-1152x1536.jpg 1152w, https:\/\/sp2czaniec.edu.pl\/wp-content\/uploads\/2025\/10\/IMG-20251015-WA0013.jpg 1530w\" sizes=\"(max-width: 225px) 100vw, 225px\" \/><\/p>\n","protected":false},"excerpt":{"rendered":"<p>Dzisiaj 15.10 ch\u0142opcy z naszej szko\u0142y na gminnych zawodach pi\u0142ki no\u017cnej zaj\u0119li 3m. grupa m\u0142odsza, 2m. grupa starszych.&nbsp; Sk\u0142ad dru\u017cyny: Micha\u0142 Chmielniak Wojtek Gwizda\u0142a Filip Maga Oskar Michalik Filip Szymalski Piotr Tynka Jan W\u0119grzynek Pawe\u0142 W\u0119grzynek&nbsp; Karol Chrapkiewicz Szymon Kowalski&nbsp; Karol Lachendro &nbsp; Duraj Filip Kowalski Patryk Jan Otoli\u0144ski Dominik [&hellip;]<\/p>\n","protected":false},"author":2,"featured_media":0,"comment_status":"open","ping_status":"open","sticky":false,"template":"","format":"standard","meta":{"ngg_post_thumbnail":0,"footnotes":""},"categories":[1],"tags":[],"class_list":["post-6170","post","type-post","status-publish","format-standard","hentry","category-bez-kategorii"],"_links":{"self":[{"href":"https:\/\/sp2czaniec.edu.pl\/index.php?rest_route=\/wp\/v2\/posts\/6170","targetHints":{"allow":["GET"]}}],"collection":[{"href":"https:\/\/sp2czaniec.edu.pl\/index.php?rest_route=\/wp\/v2\/posts"}],"about":[{"href":"https:\/\/sp2czaniec.edu.pl\/index.php?rest_route=\/wp\/v2\/types\/post"}],"author":[{"embeddable":true,"href":"https:\/\/sp2czaniec.edu.pl\/index.php?rest_route=\/wp\/v2\/users\/2"}],"replies":[{"embeddable":true,"href":"https:\/\/sp2czaniec.edu.pl\/index.php?rest_route=%2Fwp%2Fv2%2Fcomments&post=6170"}],"version-history":[{"count":1,"href":"https:\/\/sp2czaniec.edu.pl\/index.php?rest_route=\/wp\/v2\/posts\/6170\/revisions"}],"predecessor-version":[{"id":6182,"href":"https:\/\/sp2czaniec.edu.pl\/index.php?rest_route=\/wp\/v2\/posts\/6170\/revisions\/6182"}],"wp:attachment":[{"href":"https:\/\/sp2czaniec.edu.pl\/index.php?rest_route=%2Fwp%2Fv2%2Fmedia&parent=6170"}],"wp:term":[{"taxonomy":"category","embeddable":true,"href":"https:\/\/sp2czaniec.edu.pl\/index.php?rest_route=%2Fwp%2Fv2%2Fcategories&post=6170"},{"taxonomy":"post_tag","embeddable":true,"href":"https:\/\/sp2czaniec.edu.pl\/index.php?rest_route=%2Fwp%2Fv2%2Ftags&post=6170"}],"curies":[{"name":"wp","href":"https:\/\/api.w.org\/{rel}","templated":true}]}}