{"id":6187,"date":"2025-10-17T14:09:59","date_gmt":"2025-10-17T12:09:59","guid":{"rendered":"https:\/\/sp2czaniec.edu.pl\/?p=6187"},"modified":"2025-10-17T14:09:59","modified_gmt":"2025-10-17T12:09:59","slug":"rajd-beskidzka-jesien","status":"publish","type":"post","link":"https:\/\/sp2czaniec.edu.pl\/?p=6187","title":{"rendered":"Rajd Beskidzka Jesie\u0144"},"content":{"rendered":"<p><span class=\"x193iq5w xeuugli x13faqbe x1vvkbs x10flsy6 x1lliihq x1s928wv xhkezso x1gmr53x x1cpjm7i x1fgarty x1943h6x x4zkp8e x41vudc x6prxxf xvq8zen xo1l8bm xzsf02u x1yc453h\" dir=\"auto\">Tegoroczny rajd organizowany przez Mi\u0142o\u015bnik\u00f3w Ziemi Bielsko &#8211; \u017bywieckiej up\u0142yn\u0105\u0142 pod has\u0142em &#8222;Jesienny kosz pe\u0142en warzyw i owoc\u00f3w&#8221;. Nasz\u0105 szko\u0142\u0119 reprezentowa\u0142a dru\u017cyna \u015aliwki na so\u015bnie z klasy 3b. Dzieciaki przebrane za dary jesieni wywalczy\u0142y III miejsce <span class=\"html-span xexx8yu xyri2b x18d9i69 x1c1uobl x1hl2dhg x16tdsg8 x1vvkbs x3nfvp2 x1j61x8r x1fcty0u xdj266r xat24cr xm2jcoa x1mpyi22 xxymvpz xlup9mm x1kky2od\"><img decoding=\"async\" class=\"xz74otr x15mokao x1ga7v0g x16uus16 xbiv7yw\" src=\"https:\/\/static.xx.fbcdn.net\/images\/emoji.php\/v9\/t4f\/1\/16\/1f601.png\" alt=\"\ud83d\ude01\" width=\"16\" height=\"16\"><\/span><\/span><\/p>\n<p>&nbsp;<\/p>\nngg_shortcode_0_placeholder\n","protected":false},"excerpt":{"rendered":"<p>Tegoroczny rajd organizowany przez Mi\u0142o\u015bnik\u00f3w Ziemi Bielsko &#8211; \u017bywieckiej up\u0142yn\u0105\u0142 pod has\u0142em &#8222;Jesienny kosz pe\u0142en warzyw i owoc\u00f3w&#8221;. Nasz\u0105 szko\u0142\u0119 reprezentowa\u0142a dru\u017cyna \u015aliwki na so\u015bnie z klasy 3b. Dzieciaki przebrane za dary jesieni wywalczy\u0142y III miejsce &nbsp;<\/p>\n","protected":false},"author":2,"featured_media":0,"comment_status":"open","ping_status":"open","sticky":false,"template":"","format":"standard","meta":{"ngg_post_thumbnail":0,"footnotes":""},"categories":[1],"tags":[],"class_list":["post-6187","post","type-post","status-publish","format-standard","hentry","category-bez-kategorii"],"_links":{"self":[{"href":"https:\/\/sp2czaniec.edu.pl\/index.php?rest_route=\/wp\/v2\/posts\/6187","targetHints":{"allow":["GET"]}}],"collection":[{"href":"https:\/\/sp2czaniec.edu.pl\/index.php?rest_route=\/wp\/v2\/posts"}],"about":[{"href":"https:\/\/sp2czaniec.edu.pl\/index.php?rest_route=\/wp\/v2\/types\/post"}],"author":[{"embeddable":true,"href":"https:\/\/sp2czaniec.edu.pl\/index.php?rest_route=\/wp\/v2\/users\/2"}],"replies":[{"embeddable":true,"href":"https:\/\/sp2czaniec.edu.pl\/index.php?rest_route=%2Fwp%2Fv2%2Fcomments&post=6187"}],"version-history":[{"count":1,"href":"https:\/\/sp2czaniec.edu.pl\/index.php?rest_route=\/wp\/v2\/posts\/6187\/revisions"}],"predecessor-version":[{"id":6198,"href":"https:\/\/sp2czaniec.edu.pl\/index.php?rest_route=\/wp\/v2\/posts\/6187\/revisions\/6198"}],"wp:attachment":[{"href":"https:\/\/sp2czaniec.edu.pl\/index.php?rest_route=%2Fwp%2Fv2%2Fmedia&parent=6187"}],"wp:term":[{"taxonomy":"category","embeddable":true,"href":"https:\/\/sp2czaniec.edu.pl\/index.php?rest_route=%2Fwp%2Fv2%2Fcategories&post=6187"},{"taxonomy":"post_tag","embeddable":true,"href":"https:\/\/sp2czaniec.edu.pl\/index.php?rest_route=%2Fwp%2Fv2%2Ftags&post=6187"}],"curies":[{"name":"wp","href":"https:\/\/api.w.org\/{rel}","templated":true}]}}