{"id":6215,"date":"2025-10-23T18:48:43","date_gmt":"2025-10-23T16:48:43","guid":{"rendered":"https:\/\/sp2czaniec.edu.pl\/?p=6215"},"modified":"2025-10-28T18:49:47","modified_gmt":"2025-10-28T17:49:47","slug":"dyktando-niepodleglosciowe","status":"publish","type":"post","link":"https:\/\/sp2czaniec.edu.pl\/?p=6215","title":{"rendered":"Dyktando Niepodleg\u0142o\u015bciowe"},"content":{"rendered":"<div class=\"html-div xdj266r x14z9mp xat24cr x1lziwak xexx8yu xyri2b x18d9i69 x1c1uobl\" dir=\"auto\">\n<div class=\"html-div xdj266r x14z9mp xat24cr x1lziwak xexx8yu xyri2b x18d9i69 x1c1uobl\" data-ad-rendering-role=\"story_message\">\n<div id=\"_r_7d_\" class=\"x1l90r2v x1iorvi4 x1g0dm76 xpdmqnj\" data-ad-comet-preview=\"message\" data-ad-preview=\"message\">\n<div class=\"x78zum5 xdt5ytf xz62fqu x16ldp7u\">\n<div class=\"xu06os2 x1ok221b\">\n<div class=\"html-div xdj266r x14z9mp xat24cr x1lziwak xexx8yu xyri2b x18d9i69 x1c1uobl\">\n<div class=\"xdj266r x14z9mp xat24cr x1lziwak x1vvkbs x126k92a\">\n<div dir=\"auto\"><img decoding=\"async\" class=\"size-medium wp-image-6216 alignleft\" src=\"http:\/\/sp2czaniec.edu.pl\/wp-content\/uploads\/2025\/10\/571214621_1474296328033458_2692362700520041855_n-300x141.jpg\" alt=\"\" width=\"300\" height=\"141\" srcset=\"https:\/\/sp2czaniec.edu.pl\/wp-content\/uploads\/2025\/10\/571214621_1474296328033458_2692362700520041855_n-300x141.jpg 300w, https:\/\/sp2czaniec.edu.pl\/wp-content\/uploads\/2025\/10\/571214621_1474296328033458_2692362700520041855_n.jpg 472w\" sizes=\"(max-width: 300px) 100vw, 300px\" \/><span style=\"font-size: 14pt;\">Mi\u0142o nam poinformowa\u0107, \u017ce decyzj\u0105 \u015al\u0105skiej Komisji Konkursu do etapu wojew\u00f3dzkiego XIII Og\u00f3lnopolskiego Dyktanda Niepodleg\u0142o\u015bciowego<span class=\"html-span xexx8yu xyri2b x18d9i69 x1c1uobl x1hl2dhg x16tdsg8 x1vvkbs x3nfvp2 x1j61x8r x1fcty0u xdj266r xat24cr xm2jcoa x1mpyi22 xxymvpz xlup9mm x1kky2od\"><img decoding=\"async\" class=\"xz74otr x15mokao x1ga7v0g x16uus16 xbiv7yw\" src=\"https:\/\/static.xx.fbcdn.net\/images\/emoji.php\/v9\/te0\/1\/16\/1f1f5_1f1f1.png\" alt=\"\ud83c\uddf5\ud83c\uddf1\" width=\"16\" height=\"16\"><\/span><span class=\"html-span xexx8yu xyri2b x18d9i69 x1c1uobl x1hl2dhg x16tdsg8 x1vvkbs x3nfvp2 x1j61x8r x1fcty0u xdj266r xat24cr xm2jcoa x1mpyi22 xxymvpz xlup9mm x1kky2od\"><img decoding=\"async\" class=\"xz74otr x15mokao x1ga7v0g x16uus16 xbiv7yw\" src=\"https:\/\/static.xx.fbcdn.net\/images\/emoji.php\/v9\/te0\/1\/16\/1f1f5_1f1f1.png\" alt=\"\ud83c\uddf5\ud83c\uddf1\" width=\"16\" height=\"16\"><\/span> zakwalifikowali si\u0119:<\/span><\/div>\n<\/div>\n<div class=\"x14z9mp xat24cr x1lziwak x1vvkbs xtlvy1s x126k92a\">\n<div dir=\"auto\"><span style=\"font-size: 14pt;\">&#8211; w kategorii KLASY IV-VI SZKO\u0141Y PODSTAWOWEJ: LEON PI\u0118TKA,<\/span><\/div>\n<div dir=\"auto\"><span style=\"font-size: 14pt;\">&#8211; w kategorii KLASY VII-VIII SZKO\u0141Y PODSTAWOWEJ: KAMILA MRZYG\u0141\u00d3D.<\/span><\/div>\n<\/div>\n<div class=\"x14z9mp xat24cr x1lziwak x1vvkbs xtlvy1s x126k92a\">\n<div dir=\"auto\"><span style=\"font-size: 14pt;\">GRATULUJEMY!<span class=\"html-span xexx8yu xyri2b x18d9i69 x1c1uobl x1hl2dhg x16tdsg8 x1vvkbs x3nfvp2 x1j61x8r x1fcty0u xdj266r xat24cr xm2jcoa x1mpyi22 xxymvpz xlup9mm x1kky2od\"><img decoding=\"async\" class=\"xz74otr x15mokao x1ga7v0g x16uus16 xbiv7yw\" src=\"https:\/\/static.xx.fbcdn.net\/images\/emoji.php\/v9\/t7f\/1\/16\/1f60a.png\" alt=\"\ud83d\ude0a\" width=\"16\" height=\"16\"><\/span><span class=\"html-span xexx8yu xyri2b x18d9i69 x1c1uobl x1hl2dhg x16tdsg8 x1vvkbs x3nfvp2 x1j61x8r x1fcty0u xdj266r xat24cr xm2jcoa x1mpyi22 xxymvpz xlup9mm x1kky2od\"><img decoding=\"async\" class=\"xz74otr x15mokao x1ga7v0g x16uus16 xbiv7yw\" src=\"https:\/\/static.xx.fbcdn.net\/images\/emoji.php\/v9\/t7f\/1\/16\/1f60a.png\" alt=\"\ud83d\ude0a\" width=\"16\" height=\"16\"><\/span><\/span><\/div>\n<\/div>\n<div dir=\"auto\">&nbsp;<\/div>\n<div class=\"x14z9mp xat24cr x1lziwak x1vvkbs xtlvy1s x126k92a\">\n<div dir=\"auto\"><span style=\"font-size: 14pt;\">Eliminacje wojew\u00f3dzkie odb\u0119d\u0105 si\u0119 we wtorek 28 pa\u017adziernika 2025 r.<\/span><\/div>\n<div dir=\"auto\">&nbsp;<\/div>\n<\/div>\n<div class=\"x14z9mp xat24cr x1lziwak x1vvkbs xtlvy1s x126k92a\">\n<div dir=\"auto\"><span style=\"font-size: 14pt;\">\u017byczymy powodzenia!<\/span><\/div>\n<\/div>\n<\/div>\n<\/div>\n<\/div>\n<\/div>\n<\/div>\n<\/div>\n","protected":false},"excerpt":{"rendered":"<p>Mi\u0142o nam poinformowa\u0107, \u017ce decyzj\u0105 \u015al\u0105skiej Komisji Konkursu do etapu wojew\u00f3dzkiego XIII Og\u00f3lnopolskiego Dyktanda Niepodleg\u0142o\u015bciowego zakwalifikowali si\u0119: &#8211; w kategorii KLASY IV-VI SZKO\u0141Y PODSTAWOWEJ: LEON PI\u0118TKA, &#8211; w kategorii KLASY VII-VIII SZKO\u0141Y PODSTAWOWEJ: KAMILA MRZYG\u0141\u00d3D. GRATULUJEMY! &nbsp; Eliminacje wojew\u00f3dzkie odb\u0119d\u0105 si\u0119 we wtorek 28 pa\u017adziernika 2025 r. &nbsp; \u017byczymy powodzenia!<\/p>\n","protected":false},"author":2,"featured_media":0,"comment_status":"open","ping_status":"open","sticky":false,"template":"","format":"standard","meta":{"ngg_post_thumbnail":0,"footnotes":""},"categories":[1],"tags":[],"class_list":["post-6215","post","type-post","status-publish","format-standard","hentry","category-bez-kategorii"],"_links":{"self":[{"href":"https:\/\/sp2czaniec.edu.pl\/index.php?rest_route=\/wp\/v2\/posts\/6215","targetHints":{"allow":["GET"]}}],"collection":[{"href":"https:\/\/sp2czaniec.edu.pl\/index.php?rest_route=\/wp\/v2\/posts"}],"about":[{"href":"https:\/\/sp2czaniec.edu.pl\/index.php?rest_route=\/wp\/v2\/types\/post"}],"author":[{"embeddable":true,"href":"https:\/\/sp2czaniec.edu.pl\/index.php?rest_route=\/wp\/v2\/users\/2"}],"replies":[{"embeddable":true,"href":"https:\/\/sp2czaniec.edu.pl\/index.php?rest_route=%2Fwp%2Fv2%2Fcomments&post=6215"}],"version-history":[{"count":1,"href":"https:\/\/sp2czaniec.edu.pl\/index.php?rest_route=\/wp\/v2\/posts\/6215\/revisions"}],"predecessor-version":[{"id":6217,"href":"https:\/\/sp2czaniec.edu.pl\/index.php?rest_route=\/wp\/v2\/posts\/6215\/revisions\/6217"}],"wp:attachment":[{"href":"https:\/\/sp2czaniec.edu.pl\/index.php?rest_route=%2Fwp%2Fv2%2Fmedia&parent=6215"}],"wp:term":[{"taxonomy":"category","embeddable":true,"href":"https:\/\/sp2czaniec.edu.pl\/index.php?rest_route=%2Fwp%2Fv2%2Fcategories&post=6215"},{"taxonomy":"post_tag","embeddable":true,"href":"https:\/\/sp2czaniec.edu.pl\/index.php?rest_route=%2Fwp%2Fv2%2Ftags&post=6215"}],"curies":[{"name":"wp","href":"https:\/\/api.w.org\/{rel}","templated":true}]}}