{"id":6240,"date":"2025-10-24T18:55:56","date_gmt":"2025-10-24T16:55:56","guid":{"rendered":"https:\/\/sp2czaniec.edu.pl\/?p=6240"},"modified":"2025-10-28T19:09:01","modified_gmt":"2025-10-28T18:09:01","slug":"kadeci-2025","status":"publish","type":"post","link":"https:\/\/sp2czaniec.edu.pl\/?p=6240","title":{"rendered":"Kadeci 2025"},"content":{"rendered":"<p style=\"text-align: center;\"><span style=\"font-size: 14pt;\">W dniu dzisiejszym uczniowie z naszej szko\u0142y :&nbsp;<\/span><\/p>\n<p style=\"text-align: center;\"><span style=\"font-size: 14pt;\">Miko\u0142aj Ga\u0142osz<\/span><\/p>\n<p style=\"text-align: center;\"><span style=\"font-size: 14pt;\">Pawe\u0142 Kozio\u0142<\/span><\/p>\n<p style=\"text-align: center;\"><span style=\"font-size: 14pt;\">Szymon Bryzek<\/span><\/p>\n<p style=\"text-align: center;\"><span style=\"font-size: 14pt;\">brali udzia\u0142 w Zawodach Sportowo &#8211; Obronnych&nbsp;<\/span><\/p>\n<p style=\"text-align: center;\"><span style=\"font-size: 14pt;\">&#8221; Taktyczno Biegowa P\u0119tla Kadet\u00f3w&#8221; na B\u0142oniach w Bielsku Bia\u0142ej. Pogoda by\u0142a bardzo taktyczna, gratulujemy ch\u0142opakom uko\u0144czenia biegu<\/span>.<\/p>\nngg_shortcode_0_placeholder\n","protected":false},"excerpt":{"rendered":"<p>W dniu dzisiejszym uczniowie z naszej szko\u0142y :&nbsp; Miko\u0142aj Ga\u0142osz Pawe\u0142 Kozio\u0142 Szymon Bryzek brali udzia\u0142 w Zawodach Sportowo &#8211; Obronnych&nbsp; &#8221; Taktyczno Biegowa P\u0119tla Kadet\u00f3w&#8221; na B\u0142oniach w Bielsku Bia\u0142ej. Pogoda by\u0142a bardzo taktyczna, gratulujemy ch\u0142opakom uko\u0144czenia biegu.<\/p>\n","protected":false},"author":2,"featured_media":0,"comment_status":"open","ping_status":"open","sticky":false,"template":"","format":"standard","meta":{"ngg_post_thumbnail":0,"footnotes":""},"categories":[1],"tags":[],"class_list":["post-6240","post","type-post","status-publish","format-standard","hentry","category-bez-kategorii"],"_links":{"self":[{"href":"https:\/\/sp2czaniec.edu.pl\/index.php?rest_route=\/wp\/v2\/posts\/6240","targetHints":{"allow":["GET"]}}],"collection":[{"href":"https:\/\/sp2czaniec.edu.pl\/index.php?rest_route=\/wp\/v2\/posts"}],"about":[{"href":"https:\/\/sp2czaniec.edu.pl\/index.php?rest_route=\/wp\/v2\/types\/post"}],"author":[{"embeddable":true,"href":"https:\/\/sp2czaniec.edu.pl\/index.php?rest_route=\/wp\/v2\/users\/2"}],"replies":[{"embeddable":true,"href":"https:\/\/sp2czaniec.edu.pl\/index.php?rest_route=%2Fwp%2Fv2%2Fcomments&post=6240"}],"version-history":[{"count":4,"href":"https:\/\/sp2czaniec.edu.pl\/index.php?rest_route=\/wp\/v2\/posts\/6240\/revisions"}],"predecessor-version":[{"id":6266,"href":"https:\/\/sp2czaniec.edu.pl\/index.php?rest_route=\/wp\/v2\/posts\/6240\/revisions\/6266"}],"wp:attachment":[{"href":"https:\/\/sp2czaniec.edu.pl\/index.php?rest_route=%2Fwp%2Fv2%2Fmedia&parent=6240"}],"wp:term":[{"taxonomy":"category","embeddable":true,"href":"https:\/\/sp2czaniec.edu.pl\/index.php?rest_route=%2Fwp%2Fv2%2Fcategories&post=6240"},{"taxonomy":"post_tag","embeddable":true,"href":"https:\/\/sp2czaniec.edu.pl\/index.php?rest_route=%2Fwp%2Fv2%2Ftags&post=6240"}],"curies":[{"name":"wp","href":"https:\/\/api.w.org\/{rel}","templated":true}]}}