{"id":6390,"date":"2025-10-29T17:38:55","date_gmt":"2025-10-29T16:38:55","guid":{"rendered":"https:\/\/sp2czaniec.edu.pl\/?p=6390"},"modified":"2025-11-03T17:42:27","modified_gmt":"2025-11-03T16:42:27","slug":"zawody-powiatowe-w-tenisie-stolowym","status":"publish","type":"post","link":"https:\/\/sp2czaniec.edu.pl\/?p=6390","title":{"rendered":"Zawody powiatowe w tenisie sto\u0142owym"},"content":{"rendered":"<div class=\"html-div xdj266r x14z9mp xat24cr x1lziwak xexx8yu xyri2b x18d9i69 x1c1uobl\" dir=\"auto\">\n<div class=\"html-div xdj266r x14z9mp xat24cr x1lziwak xexx8yu xyri2b x18d9i69 x1c1uobl\" data-ad-rendering-role=\"story_message\">\n<div id=\"_r_lp_\" class=\"x1l90r2v x1iorvi4 x1g0dm76 xpdmqnj\" data-ad-comet-preview=\"message\" data-ad-preview=\"message\">\n<div class=\"x78zum5 xdt5ytf xz62fqu x16ldp7u\">\n<div class=\"xu06os2 x1ok221b\">\n<div class=\"html-div xdj266r x14z9mp xat24cr x1lziwak xexx8yu xyri2b x18d9i69 x1c1uobl\">\n<div class=\"xdj266r x14z9mp xat24cr x1lziwak x1vvkbs x126k92a\">\n<div dir=\"auto\" style=\"text-align: center;\"><em><strong>Uczniowie z naszej szko\u0142y uczestniczyli dzisiaj w zawodach powiatowych w tenisie sto\u0142owym.<\/strong><\/em><\/div>\n<div dir=\"auto\">&nbsp;<\/div>\n<div dir=\"auto\" style=\"text-align: center;\">Gr. m\u0142odszych<\/div>\n<div dir=\"auto\" style=\"text-align: center;\">Szymon Kowalski<\/div>\n<div dir=\"auto\" style=\"text-align: center;\">Karol Lachendro<\/div>\n<div dir=\"auto\" style=\"text-align: center;\">Karol Chrapkiewicz<\/div>\n<\/div>\n<div class=\"x14z9mp xat24cr x1lziwak x1vvkbs xtlvy1s x126k92a\">\n<div dir=\"auto\">&nbsp;<\/div>\n<div dir=\"auto\" style=\"text-align: center;\">Gr. starszych<\/div>\n<div dir=\"auto\" style=\"text-align: center;\">Pawe\u0142 Konior<\/div>\n<div dir=\"auto\" style=\"text-align: center;\">Karol El\u017cbieciak<\/div>\n<div dir=\"auto\" style=\"text-align: center;\">Filip Potoczny<\/div>\n<div dir=\"auto\">&nbsp;<\/div>\n<\/div>\n<div dir=\"auto\">ngg_shortcode_0_placeholder<\/div>\n<\/div>\n<\/div>\n<\/div>\n<\/div>\n<\/div>\n<\/div>\n","protected":false},"excerpt":{"rendered":"<p>Uczniowie z naszej szko\u0142y uczestniczyli dzisiaj w zawodach powiatowych w tenisie sto\u0142owym. &nbsp; Gr. m\u0142odszych Szymon Kowalski Karol Lachendro Karol Chrapkiewicz &nbsp; Gr. starszych Pawe\u0142 Konior Karol El\u017cbieciak Filip Potoczny &nbsp;<\/p>\n","protected":false},"author":2,"featured_media":0,"comment_status":"open","ping_status":"open","sticky":false,"template":"","format":"standard","meta":{"ngg_post_thumbnail":0,"footnotes":""},"categories":[1],"tags":[],"class_list":["post-6390","post","type-post","status-publish","format-standard","hentry","category-bez-kategorii"],"_links":{"self":[{"href":"https:\/\/sp2czaniec.edu.pl\/index.php?rest_route=\/wp\/v2\/posts\/6390","targetHints":{"allow":["GET"]}}],"collection":[{"href":"https:\/\/sp2czaniec.edu.pl\/index.php?rest_route=\/wp\/v2\/posts"}],"about":[{"href":"https:\/\/sp2czaniec.edu.pl\/index.php?rest_route=\/wp\/v2\/types\/post"}],"author":[{"embeddable":true,"href":"https:\/\/sp2czaniec.edu.pl\/index.php?rest_route=\/wp\/v2\/users\/2"}],"replies":[{"embeddable":true,"href":"https:\/\/sp2czaniec.edu.pl\/index.php?rest_route=%2Fwp%2Fv2%2Fcomments&post=6390"}],"version-history":[{"count":1,"href":"https:\/\/sp2czaniec.edu.pl\/index.php?rest_route=\/wp\/v2\/posts\/6390\/revisions"}],"predecessor-version":[{"id":6401,"href":"https:\/\/sp2czaniec.edu.pl\/index.php?rest_route=\/wp\/v2\/posts\/6390\/revisions\/6401"}],"wp:attachment":[{"href":"https:\/\/sp2czaniec.edu.pl\/index.php?rest_route=%2Fwp%2Fv2%2Fmedia&parent=6390"}],"wp:term":[{"taxonomy":"category","embeddable":true,"href":"https:\/\/sp2czaniec.edu.pl\/index.php?rest_route=%2Fwp%2Fv2%2Fcategories&post=6390"},{"taxonomy":"post_tag","embeddable":true,"href":"https:\/\/sp2czaniec.edu.pl\/index.php?rest_route=%2Fwp%2Fv2%2Ftags&post=6390"}],"curies":[{"name":"wp","href":"https:\/\/api.w.org\/{rel}","templated":true}]}}