{"id":6558,"date":"2025-11-26T09:45:45","date_gmt":"2025-11-26T08:45:45","guid":{"rendered":"https:\/\/sp2czaniec.edu.pl\/?p=6558"},"modified":"2025-11-27T07:30:36","modified_gmt":"2025-11-27T06:30:36","slug":"sukcesy-w-szkole-podstawowej-nr-2-w-czancu","status":"publish","type":"post","link":"https:\/\/sp2czaniec.edu.pl\/?p=6558","title":{"rendered":"Sukcesy w Szkole Podstawowej nr 2 w Cza\u0144cu"},"content":{"rendered":"<p>&nbsp;<\/p>\n<p style=\"text-align: center;\"><span style=\"font-family: book antiqua, palatino, serif;\"><span style=\"font-size: medium;\"><b><img fetchpriority=\"high\" decoding=\"async\" class=\"size-medium wp-image-6559 alignleft\" src=\"http:\/\/sp2czaniec.edu.pl\/wp-content\/uploads\/2025\/11\/artykul4-300x270.jpg\" alt=\"\" width=\"300\" height=\"270\" srcset=\"https:\/\/sp2czaniec.edu.pl\/wp-content\/uploads\/2025\/11\/artykul4-300x270.jpg 300w, https:\/\/sp2czaniec.edu.pl\/wp-content\/uploads\/2025\/11\/artykul4-768x690.jpg 768w, https:\/\/sp2czaniec.edu.pl\/wp-content\/uploads\/2025\/11\/artykul4.jpg 879w\" sizes=\"(max-width: 300px) 100vw, 300px\" \/>Trzech uczni\u00f3w<\/b> naszej szko\u0142y zosta\u0142o zakwalifikowanych do <b>trzeciego etapu Wojew\u00f3dzkich Konkurs\u00f3w Przedmiotowych<\/b>:<\/span><\/span><\/p>\n<p style=\"text-align: center;\"><span style=\"font-family: book antiqua, palatino, serif;\"><span style=\"font-size: medium;\"><br \/>\n&#8211; z matematyki: Jakub Pomierny (kl. VIII a), opiekun: p. Dagmara G\u0119sicka,<br \/>\n&#8211; z j. angielskiego: Krzysztof Sowa (kl. VII b), Marcel Skrudlik (kl. VIII a), opiekun: p. Anna Skrzypiec.<br \/>\n<\/span><\/span><\/p>\n<p style=\"text-align: center;\"><span style=\"font-family: book antiqua, palatino, serif;\"><span style=\"font-size: medium;\">W tym roku Leon Pi\u0119tka- ucze\u0144 klasy V a zosta\u0142 <b>laureatem XIII Og\u00f3lnopolskiego Dyktanda Niepodleg\u0142o\u015bciowego,<\/b> opiekun: p. Marzena Tomiak.<br \/>\n<\/span><\/span><\/p>\n<p>&nbsp;<\/p>\n<p style=\"text-align: center;\">&nbsp;<\/p>\n<p style=\"text-align: center;\"><span style=\"font-size: 14pt;\"><em><strong><span style=\"font-family: book antiqua, palatino, serif;\">Gratulujemy i \u017cyczymy dalszych sukces\u00f3w!<\/span><\/strong><\/em><\/span><\/p>\n","protected":false},"excerpt":{"rendered":"<p>&nbsp; Trzech uczni\u00f3w naszej szko\u0142y zosta\u0142o zakwalifikowanych do trzeciego etapu Wojew\u00f3dzkich Konkurs\u00f3w Przedmiotowych: &#8211; z matematyki: Jakub Pomierny (kl. VIII a), opiekun: p. Dagmara G\u0119sicka, &#8211; z j. angielskiego: Krzysztof Sowa (kl. VII b), Marcel Skrudlik (kl. VIII a), opiekun: p. Anna Skrzypiec. W tym roku Leon Pi\u0119tka- ucze\u0144 klasy [&hellip;]<\/p>\n","protected":false},"author":2,"featured_media":0,"comment_status":"open","ping_status":"open","sticky":false,"template":"","format":"standard","meta":{"ngg_post_thumbnail":0,"footnotes":""},"categories":[1],"tags":[],"class_list":["post-6558","post","type-post","status-publish","format-standard","hentry","category-bez-kategorii"],"_links":{"self":[{"href":"https:\/\/sp2czaniec.edu.pl\/index.php?rest_route=\/wp\/v2\/posts\/6558","targetHints":{"allow":["GET"]}}],"collection":[{"href":"https:\/\/sp2czaniec.edu.pl\/index.php?rest_route=\/wp\/v2\/posts"}],"about":[{"href":"https:\/\/sp2czaniec.edu.pl\/index.php?rest_route=\/wp\/v2\/types\/post"}],"author":[{"embeddable":true,"href":"https:\/\/sp2czaniec.edu.pl\/index.php?rest_route=\/wp\/v2\/users\/2"}],"replies":[{"embeddable":true,"href":"https:\/\/sp2czaniec.edu.pl\/index.php?rest_route=%2Fwp%2Fv2%2Fcomments&post=6558"}],"version-history":[{"count":3,"href":"https:\/\/sp2czaniec.edu.pl\/index.php?rest_route=\/wp\/v2\/posts\/6558\/revisions"}],"predecessor-version":[{"id":6562,"href":"https:\/\/sp2czaniec.edu.pl\/index.php?rest_route=\/wp\/v2\/posts\/6558\/revisions\/6562"}],"wp:attachment":[{"href":"https:\/\/sp2czaniec.edu.pl\/index.php?rest_route=%2Fwp%2Fv2%2Fmedia&parent=6558"}],"wp:term":[{"taxonomy":"category","embeddable":true,"href":"https:\/\/sp2czaniec.edu.pl\/index.php?rest_route=%2Fwp%2Fv2%2Fcategories&post=6558"},{"taxonomy":"post_tag","embeddable":true,"href":"https:\/\/sp2czaniec.edu.pl\/index.php?rest_route=%2Fwp%2Fv2%2Ftags&post=6558"}],"curies":[{"name":"wp","href":"https:\/\/api.w.org\/{rel}","templated":true}]}}