{"id":6604,"date":"2025-12-07T09:17:03","date_gmt":"2025-12-07T08:17:03","guid":{"rendered":"https:\/\/sp2czaniec.edu.pl\/?p=6604"},"modified":"2025-12-19T09:20:29","modified_gmt":"2025-12-19T08:20:29","slug":"choinka-dla-zwierzat-na-wolku","status":"publish","type":"post","link":"https:\/\/sp2czaniec.edu.pl\/?p=6604","title":{"rendered":"Choinka dla zwierz\u0105t na Wo\u0142ku"},"content":{"rendered":"<div class=\"html-div xdj266r x14z9mp xat24cr x1lziwak xexx8yu xyri2b x18d9i69 x1c1uobl\" dir=\"auto\">\n<div class=\"html-div xdj266r x14z9mp xat24cr x1lziwak xexx8yu xyri2b x18d9i69 x1c1uobl\" data-ad-rendering-role=\"story_message\">\n<div id=\"_r_m7_\" class=\"x1l90r2v x1iorvi4 x1g0dm76 xpdmqnj\" data-ad-comet-preview=\"message\" data-ad-preview=\"message\">\n<div class=\"x78zum5 xdt5ytf xz62fqu x16ldp7u\">\n<div class=\"xu06os2 x1ok221b\">\n<div class=\"html-div xdj266r x14z9mp xat24cr x1lziwak xexx8yu xyri2b x18d9i69 x1c1uobl\">\n<div class=\"xdj266r x14z9mp xat24cr x1lziwak x1vvkbs x126k92a\">\n<div dir=\"auto\" style=\"text-align: center;\">6 grudnia, w Miko\u0142ajki <span class=\"html-span xexx8yu xyri2b x18d9i69 x1c1uobl x1hl2dhg x16tdsg8 x1vvkbs x3nfvp2 x1j61x8r x1fcty0u xdj266r xat24cr xm2jcoa x1mpyi22 xxymvpz xlup9mm x1kky2od\"><img decoding=\"async\" class=\"xz74otr x15mokao x1ga7v0g x16uus16 xbiv7yw\" src=\"https:\/\/static.xx.fbcdn.net\/images\/emoji.php\/v9\/t88\/1\/16\/1f385.png\" alt=\"\ud83c\udf85\" width=\"16\" height=\"16\"><\/span>, klasy trzecie zosta\u0142y zaproszone przez SKKT SP w Kobiernicach i PTTK &#8222;Beskidek&#8221; w Por\u0105bce na Wo\u0142ek, do udzia\u0142u w akcji&#8221; CHOINKA DLA ZWIERZ\u0104T&#8221;.<span class=\"html-span xexx8yu xyri2b x18d9i69 x1c1uobl x1hl2dhg x16tdsg8 x1vvkbs x3nfvp2 x1j61x8r x1fcty0u xdj266r xat24cr xm2jcoa x1mpyi22 xxymvpz xlup9mm x1kky2od\"><img decoding=\"async\" class=\"xz74otr x15mokao x1ga7v0g x16uus16 xbiv7yw\" src=\"https:\/\/static.xx.fbcdn.net\/images\/emoji.php\/v9\/tea\/1\/16\/1f332.png\" alt=\"\ud83c\udf32\" width=\"16\" height=\"16\"><\/span><span class=\"html-span xexx8yu xyri2b x18d9i69 x1c1uobl x1hl2dhg x16tdsg8 x1vvkbs x3nfvp2 x1j61x8r x1fcty0u xdj266r xat24cr xm2jcoa x1mpyi22 xxymvpz xlup9mm x1kky2od\"><img decoding=\"async\" class=\"xz74otr x15mokao x1ga7v0g x16uus16 xbiv7yw\" src=\"https:\/\/static.xx.fbcdn.net\/images\/emoji.php\/v9\/tea\/1\/16\/1f332.png\" alt=\"\ud83c\udf32\" width=\"16\" height=\"16\"><\/span><span class=\"html-span xexx8yu xyri2b x18d9i69 x1c1uobl x1hl2dhg x16tdsg8 x1vvkbs x3nfvp2 x1j61x8r x1fcty0u xdj266r xat24cr xm2jcoa x1mpyi22 xxymvpz xlup9mm x1kky2od\"><img decoding=\"async\" class=\"xz74otr x15mokao x1ga7v0g x16uus16 xbiv7yw\" src=\"https:\/\/static.xx.fbcdn.net\/images\/emoji.php\/v9\/tea\/1\/16\/1f332.png\" alt=\"\ud83c\udf32\" width=\"16\" height=\"16\"><\/span>Spotkanie odby\u0142o si\u0119 pod patronatem W\u00f3jta Gminy Por\u0105bka. Choink\u0119 dla zwierz\u0105t ubrali\u015bmy w\u0142asnor\u0119cznie wykonanymi ekologicznymi ozdobami np.:zawieszkami z suszonych jab\u0142ek, gruszek, grzyb\u00f3w, \u0142a\u0144cuchem z marchwi, karmnikami z dyni wype\u0142nionymi smalcem z pysznymi ziarnami. By\u0142a te\u017c s\u0142onina i siano, s\u0142owem dla ka\u017cdego zwierz\u0119cia co\u015b dobrego.<span class=\"html-span xexx8yu xyri2b x18d9i69 x1c1uobl x1hl2dhg x16tdsg8 x1vvkbs x3nfvp2 x1j61x8r x1fcty0u xdj266r xat24cr xm2jcoa x1mpyi22 xxymvpz xlup9mm x1kky2od\"><img decoding=\"async\" class=\"xz74otr x15mokao x1ga7v0g x16uus16 xbiv7yw\" src=\"https:\/\/static.xx.fbcdn.net\/images\/emoji.php\/v9\/t7f\/1\/16\/1f60a.png\" alt=\"\ud83d\ude0a\" width=\"16\" height=\"16\"><\/span><\/div>\n<div dir=\"auto\" style=\"text-align: center;\">Organizatorzy zaplanowali liczne atrakcje dla uczestnik\u00f3w np.: zabawa przy muzyce z animatorem<span class=\"html-span xexx8yu xyri2b x18d9i69 x1c1uobl x1hl2dhg x16tdsg8 x1vvkbs x3nfvp2 x1j61x8r x1fcty0u xdj266r xat24cr xm2jcoa x1mpyi22 xxymvpz xlup9mm x1kky2od\"><img loading=\"lazy\" decoding=\"async\" class=\"xz74otr x15mokao x1ga7v0g x16uus16 xbiv7yw\" src=\"https:\/\/static.xx.fbcdn.net\/images\/emoji.php\/v9\/t1f\/1\/16\/1f3b6.png\" alt=\"\ud83c\udfb6\" width=\"16\" height=\"16\"><\/span> ognisko, pocz\u0119stunek i wizyt\u0119 \u015bwi\u0119tego Miko\u0142aja.<span class=\"html-span xexx8yu xyri2b x18d9i69 x1c1uobl x1hl2dhg x16tdsg8 x1vvkbs x3nfvp2 x1j61x8r x1fcty0u xdj266r xat24cr xm2jcoa x1mpyi22 xxymvpz xlup9mm x1kky2od\"><img decoding=\"async\" class=\"xz74otr x15mokao x1ga7v0g x16uus16 xbiv7yw\" src=\"https:\/\/static.xx.fbcdn.net\/images\/emoji.php\/v9\/t88\/1\/16\/1f385.png\" alt=\"\ud83c\udf85\" width=\"16\" height=\"16\"><\/span><span class=\"html-span xexx8yu xyri2b x18d9i69 x1c1uobl x1hl2dhg x16tdsg8 x1vvkbs x3nfvp2 x1j61x8r x1fcty0u xdj266r xat24cr xm2jcoa x1mpyi22 xxymvpz xlup9mm x1kky2od\"><img decoding=\"async\" class=\"xz74otr x15mokao x1ga7v0g x16uus16 xbiv7yw\" src=\"https:\/\/static.xx.fbcdn.net\/images\/emoji.php\/v9\/t7f\/1\/16\/1f60a.png\" alt=\"\ud83d\ude0a\" width=\"16\" height=\"16\"><\/span><\/div>\n<div dir=\"auto\">&nbsp;<\/div>\n<div dir=\"auto\">Dzi\u0119kujemy organizatorom za zaproszenie <span class=\"html-span xexx8yu xyri2b x18d9i69 x1c1uobl x1hl2dhg x16tdsg8 x1vvkbs x3nfvp2 x1j61x8r x1fcty0u xdj266r xat24cr xm2jcoa x1mpyi22 xxymvpz xlup9mm x1kky2od\"><img loading=\"lazy\" decoding=\"async\" class=\"xz74otr x15mokao x1ga7v0g x16uus16 xbiv7yw\" src=\"https:\/\/static.xx.fbcdn.net\/images\/emoji.php\/v9\/t75\/1\/16\/1f618.png\" alt=\"\ud83d\ude18\" width=\"16\" height=\"16\"><\/span> mi\u0142o sp\u0119dzili\u015bmy czas.<\/div>\n<div dir=\"auto\">&nbsp;<\/div>\n<\/div>\n<div dir=\"auto\">ngg_shortcode_0_placeholder<\/div>\n<\/div>\n<\/div>\n<\/div>\n<\/div>\n<\/div>\n<\/div>\n","protected":false},"excerpt":{"rendered":"<p>6 grudnia, w Miko\u0142ajki , klasy trzecie zosta\u0142y zaproszone przez SKKT SP w Kobiernicach i PTTK &#8222;Beskidek&#8221; w Por\u0105bce na Wo\u0142ek, do udzia\u0142u w akcji&#8221; CHOINKA DLA ZWIERZ\u0104T&#8221;.Spotkanie odby\u0142o si\u0119 pod patronatem W\u00f3jta Gminy Por\u0105bka. Choink\u0119 dla zwierz\u0105t ubrali\u015bmy w\u0142asnor\u0119cznie wykonanymi ekologicznymi ozdobami np.:zawieszkami z suszonych jab\u0142ek, gruszek, grzyb\u00f3w, \u0142a\u0144cuchem [&hellip;]<\/p>\n","protected":false},"author":2,"featured_media":0,"comment_status":"open","ping_status":"open","sticky":false,"template":"","format":"standard","meta":{"ngg_post_thumbnail":0,"footnotes":""},"categories":[1],"tags":[],"class_list":["post-6604","post","type-post","status-publish","format-standard","hentry","category-bez-kategorii"],"_links":{"self":[{"href":"https:\/\/sp2czaniec.edu.pl\/index.php?rest_route=\/wp\/v2\/posts\/6604","targetHints":{"allow":["GET"]}}],"collection":[{"href":"https:\/\/sp2czaniec.edu.pl\/index.php?rest_route=\/wp\/v2\/posts"}],"about":[{"href":"https:\/\/sp2czaniec.edu.pl\/index.php?rest_route=\/wp\/v2\/types\/post"}],"author":[{"embeddable":true,"href":"https:\/\/sp2czaniec.edu.pl\/index.php?rest_route=\/wp\/v2\/users\/2"}],"replies":[{"embeddable":true,"href":"https:\/\/sp2czaniec.edu.pl\/index.php?rest_route=%2Fwp%2Fv2%2Fcomments&post=6604"}],"version-history":[{"count":1,"href":"https:\/\/sp2czaniec.edu.pl\/index.php?rest_route=\/wp\/v2\/posts\/6604\/revisions"}],"predecessor-version":[{"id":6618,"href":"https:\/\/sp2czaniec.edu.pl\/index.php?rest_route=\/wp\/v2\/posts\/6604\/revisions\/6618"}],"wp:attachment":[{"href":"https:\/\/sp2czaniec.edu.pl\/index.php?rest_route=%2Fwp%2Fv2%2Fmedia&parent=6604"}],"wp:term":[{"taxonomy":"category","embeddable":true,"href":"https:\/\/sp2czaniec.edu.pl\/index.php?rest_route=%2Fwp%2Fv2%2Fcategories&post=6604"},{"taxonomy":"post_tag","embeddable":true,"href":"https:\/\/sp2czaniec.edu.pl\/index.php?rest_route=%2Fwp%2Fv2%2Ftags&post=6604"}],"curies":[{"name":"wp","href":"https:\/\/api.w.org\/{rel}","templated":true}]}}